{"id":33,"date":"2017-03-27T02:31:10","date_gmt":"2017-03-27T08:31:10","guid":{"rendered":"http:\/\/planbestudio.com.mx\/horacio\/?p=33"},"modified":"2017-03-27T02:31:10","modified_gmt":"2017-03-27T08:31:10","slug":"celebraran-conferencia-sobre-financiamiento-para-desarrollo-urbano","status":"publish","type":"post","link":"http:\/\/horaciourbano.com\/home\/celebraran-conferencia-sobre-financiamiento-para-desarrollo-urbano\/","title":{"rendered":"Celebrar\u00e1n conferencia sobre Financiamientopara Desarrollo Urbano"},"content":{"rendered":"<p><img loading=\"lazy\" decoding=\"async\" class=\"alignnone wp-image-34\" src=\"http:\/\/horaciourbano.com\/home\/wp-content\/uploads\/2017\/03\/habitat_conferencia_tematica-735x400.jpg\" alt=\"\" width=\"650\" height=\"354\" \/><\/p>\n<p>Del 9 al 11 de marzo se llevar\u00e1 a cabo la conferencia tem\u00e1tica sobre el <a class=\"expresscurate_contentTags\" href=\"http:\/\/centrourbano.com\/tag\/financiamiento\/\">#Financiamiento<\/a> para el <a class=\"expresscurate_contentTags\" href=\"http:\/\/centrourbano.com\/tag\/desarrollo-urbano\/\">#Desarrollo Urbano<\/a> en el Centro Cultural Universitario Tlatelolco, en la Ciudad de M\u00e9xico a cargo de la Organizaci\u00f3n de las Naciones Unidas (<a class=\"expresscurate_contentTags\" href=\"http:\/\/centrourbano.com\/tag\/onu\/\">#ONU<\/a>), con la colaboraci\u00f3n de la Secretar\u00eda de Desarrollo <a class=\"expresscurate_contentTags\" href=\"http:\/\/centrourbano.com\/tag\/urbano\/\">#Urbano<\/a> y <a class=\"expresscurate_contentTags\" href=\"http:\/\/centrourbano.com\/tag\/vivienda\/\">#Vivienda<\/a> (<a class=\"expresscurate_contentTags\" href=\"http:\/\/centrourbano.com\/tag\/seduvi\/\">#Seduvi<\/a>).<\/p>\n<p>El tema principal ser\u00e1 \u201cFinanciar el Desarrollo Urbano: \u2018El Reto del Milenio\u2019.\u201d, el cual es parte de la Nueva Agenda Urbana Mundial. El objetivo principal de dichas conferencias es brindar soluciones para los retos urbanos mediante la colaboraci\u00f3n de las organizaciones, gobiernos locales, sector privado y sociedad civil.<\/p>\n<p>La fecha l\u00edmite para el registro ser\u00e1 hasta el 6 de marzo en:<br \/>\n<a href=\"http:\/\/www.habitat3mexicocity.mx\" target=\"_blank\" rel=\"noopener noreferrer\">www.habitat3mexicocity.mx<\/a><\/p>\n","protected":false},"excerpt":{"rendered":"<p>Del 9 al 11 de marzo se llevar\u00e1 a cabo la conferencia tem\u00e1tica sobre el #Financiamiento para el #Desarrollo Urbano en el Centro Cultural Universitario Tlatelolco, en la Ciudad de M\u00e9xico a cargo de la Organizaci\u00f3n de las Naciones Unidas (#ONU), con la colaboraci\u00f3n de la Secretar\u00eda de Desarrollo #Urbano y #Vivienda (#Seduvi). El tema &hellip;<\/p>\n","protected":false},"author":1,"featured_media":34,"comment_status":"closed","ping_status":"closed","sticky":false,"template":"","format":"standard","meta":{"footnotes":""},"categories":[7],"tags":[],"class_list":["post-33","post","type-post","status-publish","format-standard","has-post-thumbnail","hentry","category-sin-categoria"],"_links":{"self":[{"href":"http:\/\/horaciourbano.com\/home\/wp-json\/wp\/v2\/posts\/33","targetHints":{"allow":["GET"]}}],"collection":[{"href":"http:\/\/horaciourbano.com\/home\/wp-json\/wp\/v2\/posts"}],"about":[{"href":"http:\/\/horaciourbano.com\/home\/wp-json\/wp\/v2\/types\/post"}],"author":[{"embeddable":true,"href":"http:\/\/horaciourbano.com\/home\/wp-json\/wp\/v2\/users\/1"}],"replies":[{"embeddable":true,"href":"http:\/\/horaciourbano.com\/home\/wp-json\/wp\/v2\/comments?post=33"}],"version-history":[{"count":0,"href":"http:\/\/horaciourbano.com\/home\/wp-json\/wp\/v2\/posts\/33\/revisions"}],"wp:featuredmedia":[{"embeddable":true,"href":"http:\/\/horaciourbano.com\/home\/wp-json\/"}],"wp:attachment":[{"href":"http:\/\/horaciourbano.com\/home\/wp-json\/wp\/v2\/media?parent=33"}],"wp:term":[{"taxonomy":"category","embeddable":true,"href":"http:\/\/horaciourbano.com\/home\/wp-json\/wp\/v2\/categories?post=33"},{"taxonomy":"post_tag","embeddable":true,"href":"http:\/\/horaciourbano.com\/home\/wp-json\/wp\/v2\/tags?post=33"}],"curies":[{"name":"wp","href":"https:\/\/api.w.org\/{rel}","templated":true}]}}